{"id":1501,"date":"2019-12-09T12:48:00","date_gmt":"2019-12-09T11:48:00","guid":{"rendered":"https:\/\/www.aptunion.com\/?p=1501"},"modified":"2020-04-02T15:23:05","modified_gmt":"2020-04-02T13:23:05","slug":"salon-food-ingredients-europe-2019-fie","status":"publish","type":"post","link":"https:\/\/www.aptunion.com\/fr\/2019\/12\/09\/salon-food-ingredients-europe-2019-fie\/","title":{"rendered":"Salon Food Ingredients Europe 2019 \u00e0 Paris Villepinte"},"content":{"rendered":"\n<p>Aptunion \u00e9tait au FIE 2019 du 03 au 05 D\u00e9cembre 2019 \u00e0 Paris Villepinte. Le salon de r\u00e9f\u00e9rence en Europe pour les professionnels des ingr\u00e9dients et des produits alimentaires interm\u00e9diaires pour l&rsquo;industrie agro-alimentaire. <\/p>\n\n\n\n<p>De plus, c&rsquo;\u00e9tait l&rsquo;occasion pour nos commerciaux de vous rencontrer. Ainsi, nous avons pu vous pr\u00e9senter notre nouvelle gamme de fruits confits bio, notre nouveau colorant rouge naturel et nos c\u0153urs de myrtille et cranberry. <\/p>\n\n\n\n<p>D&rsquo;autant plus q&rsquo;une soci\u00e9t\u00e9 s\u0153ur du groupe, HLR Praline, fabriquant d&rsquo;ingr\u00e9dients naturels sucr\u00e9s nous a \u00e9galement accompagn\u00e9s.<\/p>\n\n\n\n<p><\/p>\n\n\n\n<figure class=\"wp-block-gallery aligncenter columns-3 is-cropped wp-block-gallery-1 is-layout-flex wp-block-gallery-is-layout-flex\"><ul class=\"blocks-gallery-grid\"><li class=\"blocks-gallery-item\"><figure><img decoding=\"async\" width=\"768\" height=\"1024\" data-src=\"https:\/\/www.aptunion.com\/wp-content\/uploads\/2020\/02\/Stand-3-768x1024.jpg\" alt=\"\" data-id=\"1504\" data-full-url=\"https:\/\/www.aptunion.com\/wp-content\/uploads\/2020\/02\/Stand-3.jpg\" data-link=\"https:\/\/www.aptunion.com\/?attachment_id=1504\" class=\"wp-image-1504 lazyload\" data-srcset=\"https:\/\/www.aptunion.com\/wp-content\/uploads\/2020\/02\/Stand-3-768x1024.jpg 768w, https:\/\/www.aptunion.com\/wp-content\/uploads\/2020\/02\/Stand-3-225x300.jpg 225w, https:\/\/www.aptunion.com\/wp-content\/uploads\/2020\/02\/Stand-3-1152x1536.jpg 1152w, https:\/\/www.aptunion.com\/wp-content\/uploads\/2020\/02\/Stand-3-1536x2048.jpg 1536w, https:\/\/www.aptunion.com\/wp-content\/uploads\/2020\/02\/Stand-3-1080x1440.jpg 1080w\" data-sizes=\"(max-width: 768px) 100vw, 768px\" src=\"data:image\/svg+xml;base64,PHN2ZyB3aWR0aD0iMSIgaGVpZ2h0PSIxIiB4bWxucz0iaHR0cDovL3d3dy53My5vcmcvMjAwMC9zdmciPjwvc3ZnPg==\" style=\"--smush-placeholder-width: 768px; --smush-placeholder-aspect-ratio: 768\/1024;\" \/><\/figure><\/li><li class=\"blocks-gallery-item\"><figure><img decoding=\"async\" width=\"768\" height=\"1024\" data-src=\"https:\/\/www.aptunion.com\/wp-content\/uploads\/2020\/02\/Stand-2-768x1024.jpg\" alt=\"\" data-id=\"1506\" data-full-url=\"https:\/\/www.aptunion.com\/wp-content\/uploads\/2020\/02\/Stand-2.jpg\" data-link=\"https:\/\/www.aptunion.com\/?attachment_id=1506\" class=\"wp-image-1506 lazyload\" data-srcset=\"https:\/\/www.aptunion.com\/wp-content\/uploads\/2020\/02\/Stand-2-768x1024.jpg 768w, https:\/\/www.aptunion.com\/wp-content\/uploads\/2020\/02\/Stand-2-225x300.jpg 225w, https:\/\/www.aptunion.com\/wp-content\/uploads\/2020\/02\/Stand-2-1152x1536.jpg 1152w, https:\/\/www.aptunion.com\/wp-content\/uploads\/2020\/02\/Stand-2-1536x2048.jpg 1536w, https:\/\/www.aptunion.com\/wp-content\/uploads\/2020\/02\/Stand-2-1080x1440.jpg 1080w\" data-sizes=\"(max-width: 768px) 100vw, 768px\" src=\"data:image\/svg+xml;base64,PHN2ZyB3aWR0aD0iMSIgaGVpZ2h0PSIxIiB4bWxucz0iaHR0cDovL3d3dy53My5vcmcvMjAwMC9zdmciPjwvc3ZnPg==\" style=\"--smush-placeholder-width: 768px; --smush-placeholder-aspect-ratio: 768\/1024;\" \/><\/figure><\/li><li class=\"blocks-gallery-item\"><figure><img decoding=\"async\" width=\"768\" height=\"1024\" data-src=\"https:\/\/www.aptunion.com\/wp-content\/uploads\/2020\/02\/Stand-1-768x1024.jpg\" alt=\"\" data-id=\"1508\" data-full-url=\"https:\/\/www.aptunion.com\/wp-content\/uploads\/2020\/02\/Stand-1.jpg\" data-link=\"https:\/\/www.aptunion.com\/?attachment_id=1508\" class=\"wp-image-1508 lazyload\" data-srcset=\"https:\/\/www.aptunion.com\/wp-content\/uploads\/2020\/02\/Stand-1-768x1024.jpg 768w, https:\/\/www.aptunion.com\/wp-content\/uploads\/2020\/02\/Stand-1-225x300.jpg 225w, https:\/\/www.aptunion.com\/wp-content\/uploads\/2020\/02\/Stand-1-1152x1536.jpg 1152w, https:\/\/www.aptunion.com\/wp-content\/uploads\/2020\/02\/Stand-1-1536x2048.jpg 1536w, https:\/\/www.aptunion.com\/wp-content\/uploads\/2020\/02\/Stand-1-1080x1440.jpg 1080w\" data-sizes=\"(max-width: 768px) 100vw, 768px\" src=\"data:image\/svg+xml;base64,PHN2ZyB3aWR0aD0iMSIgaGVpZ2h0PSIxIiB4bWxucz0iaHR0cDovL3d3dy53My5vcmcvMjAwMC9zdmciPjwvc3ZnPg==\" style=\"--smush-placeholder-width: 768px; --smush-placeholder-aspect-ratio: 768\/1024;\" \/><\/figure><\/li><\/ul><\/figure>\n\n\n\n<p><\/p>\n","protected":false},"excerpt":{"rendered":"<p>Aptunion \u00e9tait au FIE 2019 du 03 au 05 D\u00e9cembre 2019 \u00e0 Paris Villepinte. Le salon de r\u00e9f\u00e9rence en Europe pour les professionnels des ingr\u00e9dients et des produits alimentaires interm\u00e9diaires pour l&rsquo;industrie agro-alimentaire. De plus, c&rsquo;\u00e9tait l&rsquo;occasion pour nos commerciaux de vous rencontrer. Ainsi, nous avons pu vous pr\u00e9senter notre nouvelle gamme de fruits confits [&hellip;]<\/p>\n","protected":false},"author":1,"featured_media":1502,"comment_status":"open","ping_status":"open","sticky":false,"template":"","format":"standard","meta":{"_et_pb_use_builder":"","_et_pb_old_content":"","_et_gb_content_width":"","footnotes":""},"categories":[22],"tags":[],"class_list":["post-1501","post","type-post","status-publish","format-standard","has-post-thumbnail","hentry","category-evenements"],"yoast_head":"<!-- This site is optimized with the Yoast SEO plugin v27.4 - https:\/\/yoast.com\/product\/yoast-seo-wordpress\/ -->\n<title>FIE - Salon Food Ingredients Europe 2019 \u00e0 Paris Villepinte - Aptunion<\/title>\n<meta name=\"description\" content=\"Aptunion \u00e9tait au FIE 2019 \u00e0 Paris Villepinte. Le salon de r\u00e9f\u00e9rence en Europe pour l\u2019industrie agro-alimentaire. Aptunion. FIE 2019.\" \/>\n<meta name=\"robots\" content=\"index, follow, max-snippet:-1, max-image-preview:large, max-video-preview:-1\" \/>\n<link rel=\"canonical\" href=\"https:\/\/www.aptunion.com\/fr\/2019\/12\/09\/salon-food-ingredients-europe-2019-fie\/\" \/>\n<meta property=\"og:locale\" content=\"fr_FR\" \/>\n<meta property=\"og:type\" content=\"article\" \/>\n<meta property=\"og:title\" content=\"FIE - Salon Food Ingredients Europe 2019 \u00e0 Paris Villepinte - Aptunion\" \/>\n<meta property=\"og:description\" content=\"Aptunion \u00e9tait au FIE 2019 \u00e0 Paris Villepinte. Le salon de r\u00e9f\u00e9rence en Europe pour l\u2019industrie agro-alimentaire. Aptunion. FIE 2019.\" \/>\n<meta property=\"og:url\" content=\"https:\/\/www.aptunion.com\/fr\/2019\/12\/09\/salon-food-ingredients-europe-2019-fie\/\" \/>\n<meta property=\"og:site_name\" content=\"Aptunion\" \/>\n<meta property=\"article:published_time\" content=\"2019-12-09T11:48:00+00:00\" \/>\n<meta property=\"article:modified_time\" content=\"2020-04-02T13:23:05+00:00\" \/>\n<meta property=\"og:image\" content=\"https:\/\/www.aptunion.com\/wp-content\/uploads\/2020\/02\/Photo-\u00e9quipe-1024x768.jpg\" \/>\n\t<meta property=\"og:image:width\" content=\"1024\" \/>\n\t<meta property=\"og:image:height\" content=\"768\" \/>\n\t<meta property=\"og:image:type\" content=\"image\/jpeg\" \/>\n<meta name=\"author\" content=\"Aptunion\" \/>\n<meta name=\"twitter:card\" content=\"summary_large_image\" \/>\n<meta name=\"twitter:label1\" content=\"\u00c9crit par\" \/>\n\t<meta name=\"twitter:data1\" content=\"Aptunion\" \/>\n<script type=\"application\/ld+json\" class=\"yoast-schema-graph\">{\"@context\":\"https:\\\/\\\/schema.org\",\"@graph\":[{\"@type\":\"Article\",\"@id\":\"https:\\\/\\\/www.aptunion.com\\\/fr\\\/2019\\\/12\\\/09\\\/salon-food-ingredients-europe-2019-fie\\\/#article\",\"isPartOf\":{\"@id\":\"https:\\\/\\\/www.aptunion.com\\\/fr\\\/2019\\\/12\\\/09\\\/salon-food-ingredients-europe-2019-fie\\\/\"},\"author\":{\"name\":\"Aptunion\",\"@id\":\"https:\\\/\\\/www.aptunion.com\\\/#\\\/schema\\\/person\\\/ba988e47f987d352eaea9a0e5817d918\"},\"headline\":\"Salon Food Ingredients Europe 2019 \u00e0 Paris Villepinte\",\"datePublished\":\"2019-12-09T11:48:00+00:00\",\"dateModified\":\"2020-04-02T13:23:05+00:00\",\"mainEntityOfPage\":{\"@id\":\"https:\\\/\\\/www.aptunion.com\\\/fr\\\/2019\\\/12\\\/09\\\/salon-food-ingredients-europe-2019-fie\\\/\"},\"wordCount\":99,\"commentCount\":0,\"publisher\":{\"@id\":\"https:\\\/\\\/www.aptunion.com\\\/#organization\"},\"image\":{\"@id\":\"https:\\\/\\\/www.aptunion.com\\\/fr\\\/2019\\\/12\\\/09\\\/salon-food-ingredients-europe-2019-fie\\\/#primaryimage\"},\"thumbnailUrl\":\"https:\\\/\\\/www.aptunion.com\\\/wp-content\\\/uploads\\\/2020\\\/02\\\/Photo-\u00e9quipe.jpg\",\"articleSection\":[\"Ev\u00e9nements\"],\"inLanguage\":\"fr-FR\",\"potentialAction\":[{\"@type\":\"CommentAction\",\"name\":\"Comment\",\"target\":[\"https:\\\/\\\/www.aptunion.com\\\/fr\\\/2019\\\/12\\\/09\\\/salon-food-ingredients-europe-2019-fie\\\/#respond\"]}]},{\"@type\":\"WebPage\",\"@id\":\"https:\\\/\\\/www.aptunion.com\\\/fr\\\/2019\\\/12\\\/09\\\/salon-food-ingredients-europe-2019-fie\\\/\",\"url\":\"https:\\\/\\\/www.aptunion.com\\\/fr\\\/2019\\\/12\\\/09\\\/salon-food-ingredients-europe-2019-fie\\\/\",\"name\":\"FIE - Salon Food Ingredients Europe 2019 \u00e0 Paris Villepinte - Aptunion\",\"isPartOf\":{\"@id\":\"https:\\\/\\\/www.aptunion.com\\\/#website\"},\"primaryImageOfPage\":{\"@id\":\"https:\\\/\\\/www.aptunion.com\\\/fr\\\/2019\\\/12\\\/09\\\/salon-food-ingredients-europe-2019-fie\\\/#primaryimage\"},\"image\":{\"@id\":\"https:\\\/\\\/www.aptunion.com\\\/fr\\\/2019\\\/12\\\/09\\\/salon-food-ingredients-europe-2019-fie\\\/#primaryimage\"},\"thumbnailUrl\":\"https:\\\/\\\/www.aptunion.com\\\/wp-content\\\/uploads\\\/2020\\\/02\\\/Photo-\u00e9quipe.jpg\",\"datePublished\":\"2019-12-09T11:48:00+00:00\",\"dateModified\":\"2020-04-02T13:23:05+00:00\",\"description\":\"Aptunion \u00e9tait au FIE 2019 \u00e0 Paris Villepinte. Le salon de r\u00e9f\u00e9rence en Europe pour l\u2019industrie agro-alimentaire. Aptunion. FIE 2019.\",\"breadcrumb\":{\"@id\":\"https:\\\/\\\/www.aptunion.com\\\/fr\\\/2019\\\/12\\\/09\\\/salon-food-ingredients-europe-2019-fie\\\/#breadcrumb\"},\"inLanguage\":\"fr-FR\",\"potentialAction\":[{\"@type\":\"ReadAction\",\"target\":[\"https:\\\/\\\/www.aptunion.com\\\/fr\\\/2019\\\/12\\\/09\\\/salon-food-ingredients-europe-2019-fie\\\/\"]}]},{\"@type\":\"ImageObject\",\"inLanguage\":\"fr-FR\",\"@id\":\"https:\\\/\\\/www.aptunion.com\\\/fr\\\/2019\\\/12\\\/09\\\/salon-food-ingredients-europe-2019-fie\\\/#primaryimage\",\"url\":\"https:\\\/\\\/www.aptunion.com\\\/wp-content\\\/uploads\\\/2020\\\/02\\\/Photo-\u00e9quipe.jpg\",\"contentUrl\":\"https:\\\/\\\/www.aptunion.com\\\/wp-content\\\/uploads\\\/2020\\\/02\\\/Photo-\u00e9quipe.jpg\",\"width\":4608,\"height\":3456},{\"@type\":\"BreadcrumbList\",\"@id\":\"https:\\\/\\\/www.aptunion.com\\\/fr\\\/2019\\\/12\\\/09\\\/salon-food-ingredients-europe-2019-fie\\\/#breadcrumb\",\"itemListElement\":[{\"@type\":\"ListItem\",\"position\":1,\"name\":\"Accueil\",\"item\":\"https:\\\/\\\/www.aptunion.com\\\/fr\\\/\"},{\"@type\":\"ListItem\",\"position\":2,\"name\":\"Salon Food Ingredients Europe 2019 \u00e0 Paris Villepinte\"}]},{\"@type\":\"WebSite\",\"@id\":\"https:\\\/\\\/www.aptunion.com\\\/#website\",\"url\":\"https:\\\/\\\/www.aptunion.com\\\/\",\"name\":\"Aptunion\",\"description\":\"Producteur d&#039;inclusions gourmandes\",\"publisher\":{\"@id\":\"https:\\\/\\\/www.aptunion.com\\\/#organization\"},\"potentialAction\":[{\"@type\":\"SearchAction\",\"target\":{\"@type\":\"EntryPoint\",\"urlTemplate\":\"https:\\\/\\\/www.aptunion.com\\\/?s={search_term_string}\"},\"query-input\":{\"@type\":\"PropertyValueSpecification\",\"valueRequired\":true,\"valueName\":\"search_term_string\"}}],\"inLanguage\":\"fr-FR\"},{\"@type\":\"Organization\",\"@id\":\"https:\\\/\\\/www.aptunion.com\\\/#organization\",\"name\":\"Aptunion Industrie\",\"alternateName\":\"Aptunion\",\"url\":\"https:\\\/\\\/www.aptunion.com\\\/\",\"logo\":{\"@type\":\"ImageObject\",\"inLanguage\":\"fr-FR\",\"@id\":\"https:\\\/\\\/www.aptunion.com\\\/#\\\/schema\\\/logo\\\/image\\\/\",\"url\":\"https:\\\/\\\/www.aptunion.com\\\/wp-content\\\/uploads\\\/2018\\\/06\\\/favicon-aptunion.png\",\"contentUrl\":\"https:\\\/\\\/www.aptunion.com\\\/wp-content\\\/uploads\\\/2018\\\/06\\\/favicon-aptunion.png\",\"width\":350,\"height\":350,\"caption\":\"Aptunion Industrie\"},\"image\":{\"@id\":\"https:\\\/\\\/www.aptunion.com\\\/#\\\/schema\\\/logo\\\/image\\\/\"}},{\"@type\":\"Person\",\"@id\":\"https:\\\/\\\/www.aptunion.com\\\/#\\\/schema\\\/person\\\/ba988e47f987d352eaea9a0e5817d918\",\"name\":\"Aptunion\",\"image\":{\"@type\":\"ImageObject\",\"inLanguage\":\"fr-FR\",\"@id\":\"https:\\\/\\\/secure.gravatar.com\\\/avatar\\\/2fe785c186c79844b8ea5e2552e5cd3fe6c77ba8d0c78bd66a3426c36e558646?s=96&d=mm&r=g\",\"url\":\"https:\\\/\\\/secure.gravatar.com\\\/avatar\\\/2fe785c186c79844b8ea5e2552e5cd3fe6c77ba8d0c78bd66a3426c36e558646?s=96&d=mm&r=g\",\"contentUrl\":\"https:\\\/\\\/secure.gravatar.com\\\/avatar\\\/2fe785c186c79844b8ea5e2552e5cd3fe6c77ba8d0c78bd66a3426c36e558646?s=96&d=mm&r=g\",\"caption\":\"Aptunion\"},\"url\":\"https:\\\/\\\/www.aptunion.com\\\/fr\\\/author\\\/aptunion\\\/\"}]}<\/script>\n<!-- \/ Yoast SEO plugin. -->","yoast_head_json":{"title":"FIE - Salon Food Ingredients Europe 2019 \u00e0 Paris Villepinte - Aptunion","description":"Aptunion \u00e9tait au FIE 2019 \u00e0 Paris Villepinte. Le salon de r\u00e9f\u00e9rence en Europe pour l\u2019industrie agro-alimentaire. Aptunion. FIE 2019.","robots":{"index":"index","follow":"follow","max-snippet":"max-snippet:-1","max-image-preview":"max-image-preview:large","max-video-preview":"max-video-preview:-1"},"canonical":"https:\/\/www.aptunion.com\/fr\/2019\/12\/09\/salon-food-ingredients-europe-2019-fie\/","og_locale":"fr_FR","og_type":"article","og_title":"FIE - Salon Food Ingredients Europe 2019 \u00e0 Paris Villepinte - Aptunion","og_description":"Aptunion \u00e9tait au FIE 2019 \u00e0 Paris Villepinte. Le salon de r\u00e9f\u00e9rence en Europe pour l\u2019industrie agro-alimentaire. Aptunion. FIE 2019.","og_url":"https:\/\/www.aptunion.com\/fr\/2019\/12\/09\/salon-food-ingredients-europe-2019-fie\/","og_site_name":"Aptunion","article_published_time":"2019-12-09T11:48:00+00:00","article_modified_time":"2020-04-02T13:23:05+00:00","og_image":[{"width":1024,"height":768,"url":"https:\/\/www.aptunion.com\/wp-content\/uploads\/2020\/02\/Photo-\u00e9quipe-1024x768.jpg","type":"image\/jpeg"}],"author":"Aptunion","twitter_card":"summary_large_image","twitter_misc":{"\u00c9crit par":"Aptunion"},"schema":{"@context":"https:\/\/schema.org","@graph":[{"@type":"Article","@id":"https:\/\/www.aptunion.com\/fr\/2019\/12\/09\/salon-food-ingredients-europe-2019-fie\/#article","isPartOf":{"@id":"https:\/\/www.aptunion.com\/fr\/2019\/12\/09\/salon-food-ingredients-europe-2019-fie\/"},"author":{"name":"Aptunion","@id":"https:\/\/www.aptunion.com\/#\/schema\/person\/ba988e47f987d352eaea9a0e5817d918"},"headline":"Salon Food Ingredients Europe 2019 \u00e0 Paris Villepinte","datePublished":"2019-12-09T11:48:00+00:00","dateModified":"2020-04-02T13:23:05+00:00","mainEntityOfPage":{"@id":"https:\/\/www.aptunion.com\/fr\/2019\/12\/09\/salon-food-ingredients-europe-2019-fie\/"},"wordCount":99,"commentCount":0,"publisher":{"@id":"https:\/\/www.aptunion.com\/#organization"},"image":{"@id":"https:\/\/www.aptunion.com\/fr\/2019\/12\/09\/salon-food-ingredients-europe-2019-fie\/#primaryimage"},"thumbnailUrl":"https:\/\/www.aptunion.com\/wp-content\/uploads\/2020\/02\/Photo-\u00e9quipe.jpg","articleSection":["Ev\u00e9nements"],"inLanguage":"fr-FR","potentialAction":[{"@type":"CommentAction","name":"Comment","target":["https:\/\/www.aptunion.com\/fr\/2019\/12\/09\/salon-food-ingredients-europe-2019-fie\/#respond"]}]},{"@type":"WebPage","@id":"https:\/\/www.aptunion.com\/fr\/2019\/12\/09\/salon-food-ingredients-europe-2019-fie\/","url":"https:\/\/www.aptunion.com\/fr\/2019\/12\/09\/salon-food-ingredients-europe-2019-fie\/","name":"FIE - Salon Food Ingredients Europe 2019 \u00e0 Paris Villepinte - Aptunion","isPartOf":{"@id":"https:\/\/www.aptunion.com\/#website"},"primaryImageOfPage":{"@id":"https:\/\/www.aptunion.com\/fr\/2019\/12\/09\/salon-food-ingredients-europe-2019-fie\/#primaryimage"},"image":{"@id":"https:\/\/www.aptunion.com\/fr\/2019\/12\/09\/salon-food-ingredients-europe-2019-fie\/#primaryimage"},"thumbnailUrl":"https:\/\/www.aptunion.com\/wp-content\/uploads\/2020\/02\/Photo-\u00e9quipe.jpg","datePublished":"2019-12-09T11:48:00+00:00","dateModified":"2020-04-02T13:23:05+00:00","description":"Aptunion \u00e9tait au FIE 2019 \u00e0 Paris Villepinte. Le salon de r\u00e9f\u00e9rence en Europe pour l\u2019industrie agro-alimentaire. Aptunion. FIE 2019.","breadcrumb":{"@id":"https:\/\/www.aptunion.com\/fr\/2019\/12\/09\/salon-food-ingredients-europe-2019-fie\/#breadcrumb"},"inLanguage":"fr-FR","potentialAction":[{"@type":"ReadAction","target":["https:\/\/www.aptunion.com\/fr\/2019\/12\/09\/salon-food-ingredients-europe-2019-fie\/"]}]},{"@type":"ImageObject","inLanguage":"fr-FR","@id":"https:\/\/www.aptunion.com\/fr\/2019\/12\/09\/salon-food-ingredients-europe-2019-fie\/#primaryimage","url":"https:\/\/www.aptunion.com\/wp-content\/uploads\/2020\/02\/Photo-\u00e9quipe.jpg","contentUrl":"https:\/\/www.aptunion.com\/wp-content\/uploads\/2020\/02\/Photo-\u00e9quipe.jpg","width":4608,"height":3456},{"@type":"BreadcrumbList","@id":"https:\/\/www.aptunion.com\/fr\/2019\/12\/09\/salon-food-ingredients-europe-2019-fie\/#breadcrumb","itemListElement":[{"@type":"ListItem","position":1,"name":"Accueil","item":"https:\/\/www.aptunion.com\/fr\/"},{"@type":"ListItem","position":2,"name":"Salon Food Ingredients Europe 2019 \u00e0 Paris Villepinte"}]},{"@type":"WebSite","@id":"https:\/\/www.aptunion.com\/#website","url":"https:\/\/www.aptunion.com\/","name":"Aptunion","description":"Producteur d&#039;inclusions gourmandes","publisher":{"@id":"https:\/\/www.aptunion.com\/#organization"},"potentialAction":[{"@type":"SearchAction","target":{"@type":"EntryPoint","urlTemplate":"https:\/\/www.aptunion.com\/?s={search_term_string}"},"query-input":{"@type":"PropertyValueSpecification","valueRequired":true,"valueName":"search_term_string"}}],"inLanguage":"fr-FR"},{"@type":"Organization","@id":"https:\/\/www.aptunion.com\/#organization","name":"Aptunion Industrie","alternateName":"Aptunion","url":"https:\/\/www.aptunion.com\/","logo":{"@type":"ImageObject","inLanguage":"fr-FR","@id":"https:\/\/www.aptunion.com\/#\/schema\/logo\/image\/","url":"https:\/\/www.aptunion.com\/wp-content\/uploads\/2018\/06\/favicon-aptunion.png","contentUrl":"https:\/\/www.aptunion.com\/wp-content\/uploads\/2018\/06\/favicon-aptunion.png","width":350,"height":350,"caption":"Aptunion Industrie"},"image":{"@id":"https:\/\/www.aptunion.com\/#\/schema\/logo\/image\/"}},{"@type":"Person","@id":"https:\/\/www.aptunion.com\/#\/schema\/person\/ba988e47f987d352eaea9a0e5817d918","name":"Aptunion","image":{"@type":"ImageObject","inLanguage":"fr-FR","@id":"https:\/\/secure.gravatar.com\/avatar\/2fe785c186c79844b8ea5e2552e5cd3fe6c77ba8d0c78bd66a3426c36e558646?s=96&d=mm&r=g","url":"https:\/\/secure.gravatar.com\/avatar\/2fe785c186c79844b8ea5e2552e5cd3fe6c77ba8d0c78bd66a3426c36e558646?s=96&d=mm&r=g","contentUrl":"https:\/\/secure.gravatar.com\/avatar\/2fe785c186c79844b8ea5e2552e5cd3fe6c77ba8d0c78bd66a3426c36e558646?s=96&d=mm&r=g","caption":"Aptunion"},"url":"https:\/\/www.aptunion.com\/fr\/author\/aptunion\/"}]}},"_links":{"self":[{"href":"https:\/\/www.aptunion.com\/fr\/wp-json\/wp\/v2\/posts\/1501","targetHints":{"allow":["GET"]}}],"collection":[{"href":"https:\/\/www.aptunion.com\/fr\/wp-json\/wp\/v2\/posts"}],"about":[{"href":"https:\/\/www.aptunion.com\/fr\/wp-json\/wp\/v2\/types\/post"}],"author":[{"embeddable":true,"href":"https:\/\/www.aptunion.com\/fr\/wp-json\/wp\/v2\/users\/1"}],"replies":[{"embeddable":true,"href":"https:\/\/www.aptunion.com\/fr\/wp-json\/wp\/v2\/comments?post=1501"}],"version-history":[{"count":8,"href":"https:\/\/www.aptunion.com\/fr\/wp-json\/wp\/v2\/posts\/1501\/revisions"}],"predecessor-version":[{"id":1662,"href":"https:\/\/www.aptunion.com\/fr\/wp-json\/wp\/v2\/posts\/1501\/revisions\/1662"}],"wp:featuredmedia":[{"embeddable":true,"href":"https:\/\/www.aptunion.com\/fr\/wp-json\/wp\/v2\/media\/1502"}],"wp:attachment":[{"href":"https:\/\/www.aptunion.com\/fr\/wp-json\/wp\/v2\/media?parent=1501"}],"wp:term":[{"taxonomy":"category","embeddable":true,"href":"https:\/\/www.aptunion.com\/fr\/wp-json\/wp\/v2\/categories?post=1501"},{"taxonomy":"post_tag","embeddable":true,"href":"https:\/\/www.aptunion.com\/fr\/wp-json\/wp\/v2\/tags?post=1501"}],"curies":[{"name":"wp","href":"https:\/\/api.w.org\/{rel}","templated":true}]}}